{"id":15,"date":"2013-01-17T05:00:53","date_gmt":"2013-01-17T05:00:53","guid":{"rendered":"http:\/\/www.encontramaceio.com.br\/noticias\/?p=15"},"modified":"2019-04-15T10:50:50","modified_gmt":"2019-04-15T13:50:50","slug":"pinto-da-madrugada-vai-levar-mais-de-100-mil-pessoas-a-praia-da-pajucara-em-maceio","status":"publish","type":"post","link":"https:\/\/www.encontramaceio.com.br\/sobre\/pinto-da-madrugada-vai-levar-mais-de-100-mil-pessoas-a-praia-da-pajucara-em-maceio\/","title":{"rendered":"Pinto da Madrugada vai levar mais de 100 mil pessoas \u00e0 praia da Paju\u00e7ara em Macei\u00f3"},"content":{"rendered":"<div class=\"dcb782f0616bca5484400fea6b37e93d\" data-index=\"1\" style=\"float: none; margin:0px;\">\n<script async src=\"https:\/\/pagead2.googlesyndication.com\/pagead\/js\/adsbygoogle.js?client=ca-pub-8585364105181520\"\r\n     crossorigin=\"anonymous\"><\/script>\r\n<!-- Anuncio display - global -->\r\n<ins class=\"adsbygoogle\"\r\n     style=\"display:block\"\r\n     data-ad-client=\"ca-pub-8585364105181520\"\r\n     data-ad-slot=\"8789329856\"\r\n     data-ad-format=\"auto\"\r\n     data-full-width-responsive=\"true\"><\/ins>\r\n<script>\r\n     (adsbygoogle = window.adsbygoogle || []).push({});\r\n<\/script>\n<\/div>\n<p>Os adeptos do carnaval de rua, na cidade de Macei\u00f3, esperam, com ansiedade, o desfile do Bloco Carnavalesco Pinto da Madrugada, marcado para o dia 2 de fevereiro, na praia\u00a0 da Paju\u00e7ara. A sa\u00edda ser\u00e1 \u00e0s 08h, e mais de 100 mil pessoas, entre maceioenses e turistas, participar\u00e3o do <a title=\"Eventos em Macei\u00f3\" href=\"http:\/\/www.encontramaceio.com.br\/e\/eventos-em-maceio.shtml\" target=\"_blank\">evento<\/a>, animado por 600 m\u00fasicos que executar\u00e3o um repert\u00f3rio de frevos e marchas atemporais, privilegiando, sobretudo, os compositores alagoanos.<\/p>\n<p>\u201cO Pinto da Madrugada \u00e9 aberto, democr\u00e1tico, e re\u00fane pessoas de todas as idades num clima de harmonia e confraterniza\u00e7\u00e3o. Para se ter uma id\u00e9ia, desde o seu primeiro desfile, em fevereiro de 2000, n\u00e3o h\u00e1 registros de ocorr\u00eancia de viol\u00eancia\u201d, enfatiza Hermann Braga de Lyra J\u00fanior, um dos diretores do bloco.<\/p>\n<p>Ainda de acordo com Braga Lyra, como \u00e9 mais conhecido, o Pinto da Madrugada, fundado h\u00e1 14 anos, resgatou o Carnaval de rua de Macei\u00f3, que se encontrava num processo de extin\u00e7\u00e3o. \u201cO bloco chegou para ficar, fixando ra\u00edzes, mantendo a tradi\u00e7\u00e3o, elevando a autoestima do alagoano e gerando emprego e renda\u201d, ressalta Lyra. Ele acrescenta que o Pinto da Madrugada tem como parceiros o Governo do Estado e a classe empresarial alagoana.<\/p>\n<p>Mas o Pinto da Madrugada n\u00e3o \u00e9 reverenciado apenas no dia do desfile. No \u00faltimo dia do ano, \u00e0s 6h, acontece o primeiro R\u00e9veillon do Brasil, na orla da Ponta Verde, com anima\u00e7\u00e3o de uma orquestra de frevo. H\u00e1, tamb\u00e9m, o tradicional Munguz\u00e1 do Pinto, que este ano ser\u00e1 no dia 26 de janeiro, das 7h \u00e0s 10h, em frente ao Hotel Ponta Verde, e o anivers\u00e1rio do Pinto, no dia seguinte, das 10h \u00e0s 14h, na orla da Ponta Verde, pr\u00f3ximo \u00e0 Barraca Pedra Virada, quando acontece o Carnaval para Crian\u00e7as (Oficinas de Boi de Carnaval, m\u00e1scaras, frevo, pinturas); desfile de fantasias.<\/p>\n<p>Segundo a secret\u00e1ria-adjunta de Estado do Turismo, Raquel Ten\u00f3rio, o Bloco Carnavalesco Pinto de Madrugada \u00e9 uma entidade que mudou a cara do Carnaval de Macei\u00f3, resgatando frevo e algumas manifesta\u00e7\u00f5es populares, acrescentando que o desfile anual do Pinto \u00e9, sem d\u00favida, o maior acontecimento do per\u00edodo pr\u00e9-carnavalesco na capital alagoana.<\/p>\n<p><em>Fonte: Alagoas 24 Horas<\/em><\/p>\n\n<div style=\"font-size: 0px; height: 0px; line-height: 0px; margin: 0; padding: 0; clear: both;\"><\/div>","protected":false},"excerpt":{"rendered":"<p>Os adeptos do carnaval de rua, na cidade de Macei\u00f3, esperam, com ansiedade, o desfile do Bloco Carnavalesco Pinto da Madrugada, marcado para o dia 2 de fevereiro, na praia\u00a0 da Paju\u00e7ara. A sa\u00edda ser\u00e1 \u00e0s 08h, e mais de 100 mil pessoas, entre maceioenses e turistas, participar\u00e3o do evento, animado por 600 m\u00fasicos que executar\u00e3o um repert\u00f3rio de frevos e marchas atemporais, privilegiando, sobretudo, os compositores alagoanos. \u201cO Pinto da Madrugada \u00e9 aberto, democr\u00e1tico, e re\u00fane pessoas de todas as idades num clima de harmonia e confraterniza\u00e7\u00e3o. Para se ter uma id\u00e9ia, desde o seu primeiro desfile, em fevereiro <\/p>\n","protected":false},"author":1,"featured_media":0,"comment_status":"open","ping_status":"closed","sticky":false,"template":"","format":"standard","meta":{"footnotes":""},"categories":[1],"tags":[10],"class_list":["post-15","post","type-post","status-publish","format-standard","hentry","category-noticias-em-maceio","tag-maceio"],"aioseo_notices":[],"_links":{"self":[{"href":"https:\/\/www.encontramaceio.com.br\/sobre\/wp-json\/wp\/v2\/posts\/15","targetHints":{"allow":["GET"]}}],"collection":[{"href":"https:\/\/www.encontramaceio.com.br\/sobre\/wp-json\/wp\/v2\/posts"}],"about":[{"href":"https:\/\/www.encontramaceio.com.br\/sobre\/wp-json\/wp\/v2\/types\/post"}],"author":[{"embeddable":true,"href":"https:\/\/www.encontramaceio.com.br\/sobre\/wp-json\/wp\/v2\/users\/1"}],"replies":[{"embeddable":true,"href":"https:\/\/www.encontramaceio.com.br\/sobre\/wp-json\/wp\/v2\/comments?post=15"}],"version-history":[{"count":1,"href":"https:\/\/www.encontramaceio.com.br\/sobre\/wp-json\/wp\/v2\/posts\/15\/revisions"}],"predecessor-version":[{"id":16,"href":"https:\/\/www.encontramaceio.com.br\/sobre\/wp-json\/wp\/v2\/posts\/15\/revisions\/16"}],"wp:attachment":[{"href":"https:\/\/www.encontramaceio.com.br\/sobre\/wp-json\/wp\/v2\/media?parent=15"}],"wp:term":[{"taxonomy":"category","embeddable":true,"href":"https:\/\/www.encontramaceio.com.br\/sobre\/wp-json\/wp\/v2\/categories?post=15"},{"taxonomy":"post_tag","embeddable":true,"href":"https:\/\/www.encontramaceio.com.br\/sobre\/wp-json\/wp\/v2\/tags?post=15"}],"curies":[{"name":"wp","href":"https:\/\/api.w.org\/{rel}","templated":true}]}}