{"id":1443,"date":"2018-02-07T11:18:02","date_gmt":"2018-02-07T13:18:02","guid":{"rendered":"http:\/\/www.encontramaceio.com.br\/sobre\/?p=1443"},"modified":"2019-04-15T10:49:19","modified_gmt":"2019-04-15T13:49:19","slug":"ebep-maceio","status":"publish","type":"post","link":"https:\/\/www.encontramaceio.com.br\/sobre\/ebep-maceio\/","title":{"rendered":"EBEP Macei\u00f3"},"content":{"rendered":"<div class=\"dcb782f0616bca5484400fea6b37e93d\" data-index=\"1\" style=\"float: none; margin:0px;\">\n<script async src=\"https:\/\/pagead2.googlesyndication.com\/pagead\/js\/adsbygoogle.js?client=ca-pub-8585364105181520\"\r\n     crossorigin=\"anonymous\"><\/script>\r\n<!-- Anuncio display - global -->\r\n<ins class=\"adsbygoogle\"\r\n     style=\"display:block\"\r\n     data-ad-client=\"ca-pub-8585364105181520\"\r\n     data-ad-slot=\"8789329856\"\r\n     data-ad-format=\"auto\"\r\n     data-full-width-responsive=\"true\"><\/ins>\r\n<script>\r\n     (adsbygoogle = window.adsbygoogle || []).push({});\r\n<\/script>\n<\/div>\n<p>Desde a inaugura\u00e7\u00e3o em 2010, a Unidade Integrada SESI\/SENAI Carlos Guido Ferr\u00e1rio Lobo, <strong>EBEP Macei\u00f3<\/strong>, tem como miss\u00e3o contribuir com a forma\u00e7\u00e3o de educandos, oferecendo Educa\u00e7\u00e3o B\u00e1sica e profissionalizante de qualidade, por meio do desenvolvimento de suas potencialidades, tornando os cidad\u00e3os comprometidos com a transforma\u00e7\u00e3o social e inserindo-se, assim, de maneira cr\u00edtica e participativa na sociedade.<\/p>\n<p>A unidade EBEP Macei\u00f3, como institui\u00e7\u00e3o social e profissionalmente respons\u00e1vel, busca ser uma refer\u00eancia regional em Educa\u00e7\u00e3o b\u00e1sica e profissional, atrav\u00e9s da utiliza\u00e7\u00e3o de uma metodologia inovadora voltada ao desenvolvimento.<\/p>\n<p><img loading=\"lazy\" decoding=\"async\" class=\"wp-image-1444 size-full alignnone\" title=\"EBEP Macei\u00f3\" src=\"http:\/\/www.encontramaceio.com.br\/sobre\/wp-content\/uploads\/2018\/02\/EBEP-Maceio.gif\" alt=\"EBEP Macei\u00f3\" width=\"680\" height=\"189\" \/><\/p>\n<h2>EBEP Macei\u00f3 Ensino M\u00e9dio<\/h2>\n<p>Para tornar-se efetivo, todo conhecimento trabalhado em sala de aula necessita ser resultante do engajamento dos alunos em a\u00e7\u00f5es transformadoras. Neste sentido, a partir de um processo de alinhamento com a metodologia vivenciada na Educa\u00e7\u00e3o Profissional ofertada pelo Senai, na Educa\u00e7\u00e3o B\u00e1sica &#8211; Ensino M\u00e9dio &#8211; nesta escola, tem sido desenvolvida uma metodologia fundamentada nos pressupostos atuais do ensino e da aprendizagem com base em compet\u00eancias.<\/p>\n<h3>EBEP Macei\u00f3 Rob\u00f3tica Educacional<\/h3>\n<p>A servi\u00e7o do Departamento Nacional, o EBEP Macei\u00f3 estimula a aproxima\u00e7\u00e3o did\u00e1tica com os conhecimentos e pr\u00e1ticas do <em>campo de Rob\u00f3tica<\/em>. Incentivando os alunos a desenvolverem propostas para a aprendizagem no futuro atrav\u00e9s de torneios. A escola tamb\u00e9m est\u00e1 presente na First Lego League, um programa internacional criado para desperta o interesse dos alunos em temas como ci\u00eancia e tecnologia dentro do \u00e2mbito escolar.<\/p>\n<h3>Vagas EBEP Macei\u00f3 &#8211; Trabalhe Conosco<\/h3>\n<p>A EBEP Macei\u00f3 disponibiliza vagas de trabalho durante todo ano. Para se informar sobre os processos seletivos e se candidatar as vagas acompanhe o site da empresa, onde \u00e9 poss\u00edvel se informar sobre vagas abertas, sal\u00e1rios e compet\u00eancias necess\u00e1rias para se candidatar ao processo.<\/p>\n<h3>Hor\u00e1rio de Funcionamento EBEP Macei\u00f3<\/h3>\n<ul>\n<li>Segunda a Sexta: das 08h \u00e0s 23h00<\/li>\n<\/ul>\n<h3>Endere\u00e7o e Telefone EBEP Macei\u00f3<\/h3>\n<ul>\n<li>Av. Antonio Lisboa de Amorim<\/li>\n<li>Telefone:(82) 3327-8734<\/li>\n<\/ul>\n<h3>Outras informa\u00e7\u00f5es e site<\/h3>\n<ul>\n<li>Mais informa\u00e7\u00f5es:\u00a0<a href=\"http:\/\/ebepmaceio.al.senai.br\/\" target=\"_blank\" rel=\"noopener noreferrer\">www.ebepmaceio.al.senai.br<\/a><\/li>\n<\/ul>\n<h4>Mapa de localiza\u00e7\u00e3o<\/h4>\n<a class=\"wp-colorbox-iframe\" href=\"https:\/\/www.google.com\/maps\/embed?pb=!1m14!1m8!1m3!1d15738.046789466502!2d-35.7349165!3d-9.5510826!3m2!1i1024!2i768!4f13.1!3m3!1m2!1s0x00x466d072825e25256!2sEbep+Macei!5e0!3m2!1spt-BR!2sbr!4v1518004298774\"><img decoding=\"async\" src=\"http:\/\/www.encontramaceio.com.br\/imgs\/maps-post.png\"><\/a>\n\n<div style=\"font-size: 0px; height: 0px; line-height: 0px; margin: 0; padding: 0; clear: both;\"><\/div>","protected":false},"excerpt":{"rendered":"<p>Desde a inaugura\u00e7\u00e3o em 2010, a Unidade Integrada SESI\/SENAI Carlos Guido Ferr\u00e1rio Lobo, EBEP Macei\u00f3, tem como miss\u00e3o contribuir com a forma\u00e7\u00e3o de educandos, oferecendo Educa\u00e7\u00e3o B\u00e1sica e profissionalizante de qualidade, por meio do desenvolvimento de suas potencialidades, tornando os cidad\u00e3os comprometidos com a transforma\u00e7\u00e3o social e inserindo-se, assim, de maneira cr\u00edtica e participativa na sociedade. A unidade EBEP Macei\u00f3, como institui\u00e7\u00e3o social e profissionalmente respons\u00e1vel, busca ser uma refer\u00eancia regional em Educa\u00e7\u00e3o b\u00e1sica e profissional, atrav\u00e9s da utiliza\u00e7\u00e3o de uma metodologia inovadora voltada ao desenvolvimento. EBEP Macei\u00f3 Ensino M\u00e9dio Para tornar-se efetivo, todo conhecimento trabalhado em sala de aula <\/p>\n","protected":false},"author":1,"featured_media":1444,"comment_status":"open","ping_status":"closed","sticky":false,"template":"","format":"standard","meta":{"footnotes":""},"categories":[16],"tags":[],"class_list":["post-1443","post","type-post","status-publish","format-standard","has-post-thumbnail","hentry","category-educacao-em-maceio","has_thumb"],"aioseo_notices":[],"_links":{"self":[{"href":"https:\/\/www.encontramaceio.com.br\/sobre\/wp-json\/wp\/v2\/posts\/1443","targetHints":{"allow":["GET"]}}],"collection":[{"href":"https:\/\/www.encontramaceio.com.br\/sobre\/wp-json\/wp\/v2\/posts"}],"about":[{"href":"https:\/\/www.encontramaceio.com.br\/sobre\/wp-json\/wp\/v2\/types\/post"}],"author":[{"embeddable":true,"href":"https:\/\/www.encontramaceio.com.br\/sobre\/wp-json\/wp\/v2\/users\/1"}],"replies":[{"embeddable":true,"href":"https:\/\/www.encontramaceio.com.br\/sobre\/wp-json\/wp\/v2\/comments?post=1443"}],"version-history":[{"count":1,"href":"https:\/\/www.encontramaceio.com.br\/sobre\/wp-json\/wp\/v2\/posts\/1443\/revisions"}],"predecessor-version":[{"id":1445,"href":"https:\/\/www.encontramaceio.com.br\/sobre\/wp-json\/wp\/v2\/posts\/1443\/revisions\/1445"}],"wp:featuredmedia":[{"embeddable":true,"href":"https:\/\/www.encontramaceio.com.br\/sobre\/wp-json\/wp\/v2\/media\/1444"}],"wp:attachment":[{"href":"https:\/\/www.encontramaceio.com.br\/sobre\/wp-json\/wp\/v2\/media?parent=1443"}],"wp:term":[{"taxonomy":"category","embeddable":true,"href":"https:\/\/www.encontramaceio.com.br\/sobre\/wp-json\/wp\/v2\/categories?post=1443"},{"taxonomy":"post_tag","embeddable":true,"href":"https:\/\/www.encontramaceio.com.br\/sobre\/wp-json\/wp\/v2\/tags?post=1443"}],"curies":[{"name":"wp","href":"https:\/\/api.w.org\/{rel}","templated":true}]}}